{"id":2271,"date":"2019-01-24T17:58:39","date_gmt":"2019-01-25T01:58:39","guid":{"rendered":"http:\/\/www.bernadettecalonego.com\/de\/?p=2271"},"modified":"2019-02-13T16:40:10","modified_gmt":"2019-02-14T00:40:10","slug":"book-reading-in-vancouver","status":"publish","type":"post","link":"https:\/\/www.bernadettecalonego.com\/de\/book-reading-in-vancouver\/","title":{"rendered":"Buchlesung in Vancouver"},"content":{"rendered":"\n<figure class=\"wp-block-image is-resized\"><img loading=\"lazy\" decoding=\"async\" src=\"https:\/\/www.bernadettecalonego.com\/de\/wp-content\/uploads\/LesungVAN2.jpg\" alt=\"\" class=\"wp-image-2275\" width=\"595\" height=\"472\" srcset=\"https:\/\/www.bernadettecalonego.com\/de\/wp-content\/uploads\/LesungVAN2.jpg 847w, https:\/\/www.bernadettecalonego.com\/de\/wp-content\/uploads\/LesungVAN2-300x238.jpg 300w, https:\/\/www.bernadettecalonego.com\/de\/wp-content\/uploads\/LesungVAN2-768x610.jpg 768w\" sizes=\"auto, (max-width: 595px) 100vw, 595px\" \/><\/figure>\n\n\n\n<p>Meine Freundin Rosa Stenberg und ich bereiten den B\u00fcchertisch f\u00fcr die Lesung in Vancouver vor. Die Deutsch-Kanadische Gesch\u00e4ftsvereinigung (German-Canadian Business Association) hat mich als Autorin eingeladen, der Anlass war zugleich der Neujahrsempfang, und ich f\u00fchlte mich sehr geehrt. Es wurde ein interessanter und lebhafter Abend. Ich zeigte auch Dias von meiner Reise an den Arktischen Ozean, die mich zum Krimi &#8220;Die Fremde auf dem Eis&#8221; inspiriert hat. Das Yukon-Territorium und die Nordwest Territorien geh\u00f6ren zur Region, die das deutsche Konsulat in Vancouver betreut. Der deutsche Generalkonsul Dr. Klaus Schmidt kam auch und h\u00f6rte zu, was alle G\u00e4ste freute.<\/p>\n\n\n\n<p><strong><a href=\"http:\/\/www.germancanadianbusiness.com\/\">Link to the website of the German-Canadian Business Association.<\/a><\/strong><\/p>\n\n\n\n<p><strong><a href=\"https:\/\/canada.diplo.de\/ca-en\/vertretungen\/generalkonsulat3\">Link to the German Consulate General in Vancouver.<\/a><\/strong><\/p>\n\n\n\n<div class=\"wp-block-image\"><figure class=\"aligncenter is-resized\"><img loading=\"lazy\" decoding=\"async\" src=\"https:\/\/www.bernadettecalonego.com\/de\/wp-content\/uploads\/LesungVAN1-Copy.jpg\" alt=\"\" class=\"wp-image-2276\" width=\"397\" height=\"540\" srcset=\"https:\/\/www.bernadettecalonego.com\/de\/wp-content\/uploads\/LesungVAN1-Copy.jpg 604w, https:\/\/www.bernadettecalonego.com\/de\/wp-content\/uploads\/LesungVAN1-Copy-220x300.jpg 220w\" sizes=\"auto, (max-width: 397px) 100vw, 397px\" \/><\/figure><\/div>\n\n\n\n<div class=\"wp-block-image\"><figure class=\"alignright\"><img loading=\"lazy\" decoding=\"async\" width=\"960\" height=\"866\" src=\"https:\/\/www.bernadettecalonego.com\/de\/wp-content\/uploads\/LesungVAN-2.jpg\" alt=\"\" class=\"wp-image-2277\" srcset=\"https:\/\/www.bernadettecalonego.com\/de\/wp-content\/uploads\/LesungVAN-2.jpg 960w, https:\/\/www.bernadettecalonego.com\/de\/wp-content\/uploads\/LesungVAN-2-300x271.jpg 300w, https:\/\/www.bernadettecalonego.com\/de\/wp-content\/uploads\/LesungVAN-2-768x693.jpg 768w\" sizes=\"auto, (max-width: 960px) 100vw, 960px\" \/><figcaption>Der deutsche Generalkonsul in Vancouver, Dr. Klaus Schmidt.<\/figcaption><\/figure><\/div>\n\n\n\n<div class=\"wp-block-image\"><figure class=\"alignleft\"><img loading=\"lazy\" decoding=\"async\" width=\"1024\" height=\"768\" src=\"https:\/\/www.bernadettecalonego.com\/de\/wp-content\/uploads\/thumbnail_P1030630-1024x768.jpg\" alt=\"\" class=\"wp-image-2278\" srcset=\"https:\/\/www.bernadettecalonego.com\/de\/wp-content\/uploads\/thumbnail_P1030630-1024x768.jpg 1024w, https:\/\/www.bernadettecalonego.com\/de\/wp-content\/uploads\/thumbnail_P1030630-300x225.jpg 300w, https:\/\/www.bernadettecalonego.com\/de\/wp-content\/uploads\/thumbnail_P1030630-768x576.jpg 768w, https:\/\/www.bernadettecalonego.com\/de\/wp-content\/uploads\/thumbnail_P1030630.jpg 1280w\" sizes=\"auto, (max-width: 1024px) 100vw, 1024px\" \/><\/figure><\/div>\n\n\n\n<div class=\"wp-block-image\"><figure class=\"alignright\"><img loading=\"lazy\" decoding=\"async\" width=\"1024\" height=\"768\" src=\"https:\/\/www.bernadettecalonego.com\/de\/wp-content\/uploads\/thumbnail_P1030636-1024x768.jpg\" alt=\"\" class=\"wp-image-2279\" srcset=\"https:\/\/www.bernadettecalonego.com\/de\/wp-content\/uploads\/thumbnail_P1030636-1024x768.jpg 1024w, https:\/\/www.bernadettecalonego.com\/de\/wp-content\/uploads\/thumbnail_P1030636-300x225.jpg 300w, https:\/\/www.bernadettecalonego.com\/de\/wp-content\/uploads\/thumbnail_P1030636-768x576.jpg 768w, https:\/\/www.bernadettecalonego.com\/de\/wp-content\/uploads\/thumbnail_P1030636.jpg 1280w\" sizes=\"auto, (max-width: 1024px) 100vw, 1024px\" \/><\/figure><\/div>\n","protected":false},"excerpt":{"rendered":"<p>Meine Freundin Rosa Stenberg und ich bereiten den B\u00fcchertisch f\u00fcr die Lesung in Vancouver vor. Die Deutsch-Kanadische Gesch\u00e4ftsvereinigung (German-Canadian Business Association) hat mich als Autorin eingeladen, der Anlass war zugleich der Neujahrsempfang, und ich f\u00fchlte mich sehr geehrt. Es wurde ein interessanter und lebhafter Abend. Ich zeigte auch Dias von <a class=\"read-more-link\" href=\"https:\/\/www.bernadettecalonego.com\/de\/book-reading-in-vancouver\/\">   Lesen Sie weiter<\/a><\/p>\n","protected":false},"author":1,"featured_media":2275,"comment_status":"closed","ping_status":"closed","sticky":false,"template":"","format":"standard","meta":{"ngg_post_thumbnail":0,"_jetpack_memberships_contains_paid_content":false,"footnotes":""},"categories":[1,6],"tags":[],"class_list":["post-2271","post","type-post","status-publish","format-standard","has-post-thumbnail","hentry","category-blog","category-treffen"],"jetpack_featured_media_url":"https:\/\/www.bernadettecalonego.com\/de\/wp-content\/uploads\/LesungVAN2.jpg","jetpack_sharing_enabled":true,"_links":{"self":[{"href":"https:\/\/www.bernadettecalonego.com\/de\/wp-json\/wp\/v2\/posts\/2271","targetHints":{"allow":["GET"]}}],"collection":[{"href":"https:\/\/www.bernadettecalonego.com\/de\/wp-json\/wp\/v2\/posts"}],"about":[{"href":"https:\/\/www.bernadettecalonego.com\/de\/wp-json\/wp\/v2\/types\/post"}],"author":[{"embeddable":true,"href":"https:\/\/www.bernadettecalonego.com\/de\/wp-json\/wp\/v2\/users\/1"}],"replies":[{"embeddable":true,"href":"https:\/\/www.bernadettecalonego.com\/de\/wp-json\/wp\/v2\/comments?post=2271"}],"version-history":[{"count":4,"href":"https:\/\/www.bernadettecalonego.com\/de\/wp-json\/wp\/v2\/posts\/2271\/revisions"}],"predecessor-version":[{"id":2288,"href":"https:\/\/www.bernadettecalonego.com\/de\/wp-json\/wp\/v2\/posts\/2271\/revisions\/2288"}],"wp:featuredmedia":[{"embeddable":true,"href":"https:\/\/www.bernadettecalonego.com\/de\/wp-json\/wp\/v2\/media\/2275"}],"wp:attachment":[{"href":"https:\/\/www.bernadettecalonego.com\/de\/wp-json\/wp\/v2\/media?parent=2271"}],"wp:term":[{"taxonomy":"category","embeddable":true,"href":"https:\/\/www.bernadettecalonego.com\/de\/wp-json\/wp\/v2\/categories?post=2271"},{"taxonomy":"post_tag","embeddable":true,"href":"https:\/\/www.bernadettecalonego.com\/de\/wp-json\/wp\/v2\/tags?post=2271"}],"curies":[{"name":"wp","href":"https:\/\/api.w.org\/{rel}","templated":true}]}}