{"id":2749,"date":"2021-03-21T05:42:48","date_gmt":"2021-03-21T12:42:48","guid":{"rendered":"http:\/\/www.bernadettecalonego.com\/de\/?p=2749"},"modified":"2021-03-21T05:50:45","modified_gmt":"2021-03-21T12:50:45","slug":"eine-produktive-zeit","status":"publish","type":"post","link":"https:\/\/www.bernadettecalonego.com\/de\/eine-produktive-zeit\/","title":{"rendered":"Eine produktive Zeit"},"content":{"rendered":"\n<p class=\"has-normal-font-size\">Der Winter soll R\u00fcckzug und Kontemplation erm\u00f6glichen. Wenigstens ist das eine Philosophie, die man oft lesen kann. Bei mir ist der Winter eher eine aktive Zeit. Das Manuskript meines neusten Kanada-Krimis &#8220;Kalte Klippen&#8221; befindet sich derzeit im Korrektorat. In einer Woche wird das Taschenbuch auf Amazon.de erh\u00e4ltlich sein. Am 20. April kommt das E-Book heraus. Ich freue mich sehr darauf! Au\u00dferdem ist eine englische \u00dcbersetzung von &#8220;Eisiger Kerker&#8221; fast abgeschlossen und wird wahrscheinlich im Mai ver\u00f6ffentlicht werden.<\/p>\n\n\n\n<p><a href=\"https:\/\/www.amazon.de\/Kalte-Klippen-Kanada-Krimi-Calista-ermittelt-ebook\/dp\/B08W3HWGJP\/ref=sr_1_1?\">Klicken Sie hier, um das E-Book vorzubestellen.<\/a><\/p>\n\n\n\n<figure class=\"wp-block-image size-large\"><img loading=\"lazy\" decoding=\"async\" width=\"1008\" height=\"756\" src=\"https:\/\/www.bernadettecalonego.com\/de\/wp-content\/uploads\/IMG_7237-Copy-2-Copy-Copy-Copy.jpg\" alt=\"\" class=\"wp-image-2750\" srcset=\"https:\/\/www.bernadettecalonego.com\/de\/wp-content\/uploads\/IMG_7237-Copy-2-Copy-Copy-Copy.jpg 1008w, https:\/\/www.bernadettecalonego.com\/de\/wp-content\/uploads\/IMG_7237-Copy-2-Copy-Copy-Copy-300x225.jpg 300w, https:\/\/www.bernadettecalonego.com\/de\/wp-content\/uploads\/IMG_7237-Copy-2-Copy-Copy-Copy-768x576.jpg 768w\" sizes=\"auto, (max-width: 1008px) 100vw, 1008px\" \/><\/figure>\n\n\n\n<p>Auch in meinem Neufundl\u00e4nder Fischerdorf ist Winter \u00fcblicherweise eine Zeit, in der die Menschen andere Leute besuchen, Darts spielen gehen, sich zum Kartenspiel versammeln oder Bingo spielen. Tags\u00fcber sind sie mit dem Schneemobil unterwegs, zum Vergn\u00fcgen, aber auch, um Holz zu schlagen f\u00fcr den n\u00e4chsten Winter. Im Sommer sind die Fischer ausgelastet, und andere Bewohner arbeiten in saisonalen Jobs, vor allem f\u00fcr den Tourismus. Deshalb ist der Winter normalerweise mit sozialen Aktivit\u00e4ten ausgef\u00fcllt. Mit dem Covid-Virus ist dieser Rhythmus nun auf den Kopf gestellt. <\/p>\n\n\n\n<div class=\"wp-block-image\"><figure class=\"aligncenter size-large\"><img loading=\"lazy\" decoding=\"async\" width=\"1024\" height=\"768\" src=\"https:\/\/www.bernadettecalonego.com\/de\/wp-content\/uploads\/IMG_9605-Copy-1024x768.jpg\" alt=\"\" class=\"wp-image-2751\" srcset=\"https:\/\/www.bernadettecalonego.com\/de\/wp-content\/uploads\/IMG_9605-Copy-1024x768.jpg 1024w, https:\/\/www.bernadettecalonego.com\/de\/wp-content\/uploads\/IMG_9605-Copy-300x225.jpg 300w, https:\/\/www.bernadettecalonego.com\/de\/wp-content\/uploads\/IMG_9605-Copy-768x576.jpg 768w, https:\/\/www.bernadettecalonego.com\/de\/wp-content\/uploads\/IMG_9605-Copy.jpg 1210w\" sizes=\"auto, (max-width: 1024px) 100vw, 1024px\" \/><\/figure><\/div>\n\n\n\n<p>Neufundland hatte anf\u00e4nglich nur ganz wenige Virusf\u00e4lle und die Menschen konnten sich relativ frei bewegen. Aber dann gab es einen Ausbruch in  der Hauptstadt St. John`s, der Virus verbreitete sich wie ein Waldbrand, und pl\u00f6tzlich gab es wieder starke Einschr\u00e4nkungen. Das hat sich zwischenzeitlich etwas beruhigt, aber gegenseitige Besuche sind dennoch vorerst nicht m\u00f6glich, und Freizeitaktivit\u00e4ten in geschlossenen R\u00e4umen sind eingeschr\u00e4nkt. Drau\u00dfen im Schnee kann man sich indes immer noch tummeln und die sonnigen Tage genie\u00dfen, von denen wir in diesem Winter viele hatten. <\/p>\n\n\n\n<div class=\"wp-block-image\"><figure class=\"aligncenter size-large\"><img loading=\"lazy\" decoding=\"async\" width=\"1024\" height=\"768\" src=\"https:\/\/www.bernadettecalonego.com\/de\/wp-content\/uploads\/Kalinowski6-Copy-1024x768.jpg\" alt=\"\" class=\"wp-image-2752\" srcset=\"https:\/\/www.bernadettecalonego.com\/de\/wp-content\/uploads\/Kalinowski6-Copy-1024x768.jpg 1024w, https:\/\/www.bernadettecalonego.com\/de\/wp-content\/uploads\/Kalinowski6-Copy-300x225.jpg 300w, https:\/\/www.bernadettecalonego.com\/de\/wp-content\/uploads\/Kalinowski6-Copy-768x576.jpg 768w, https:\/\/www.bernadettecalonego.com\/de\/wp-content\/uploads\/Kalinowski6-Copy.jpg 1245w\" sizes=\"auto, (max-width: 1024px) 100vw, 1024px\" \/><figcaption><strong>Bild: Wilfred Kalinowski<\/strong><\/figcaption><\/figure><\/div>\n\n\n\n<p>Normalerweise kommen um diese Zeit Eisb\u00e4ren in die K\u00fcstend\u00f6rfer, wenn sie den Robben Richtung Norden folgen. Da es hier aber fast kein Eis auf dem Ozean mehr gibt, was diese Tiere brauchen (es ist ein vergleichsweise milder Winter), werden wahrscheinlich die Eisb\u00e4ren dieses Jahr ausbleiben. Das ist sehr schade, denn ich hoffte, endlich gute Bilder von ihnen schie\u00dfen zu k\u00f6nnen. So muss ich mich wohl erneut gedulden und auf die n\u00e4chste Gelegenheit warten.<\/p>\n\n\n\n<div class=\"wp-block-image\"><figure class=\"aligncenter size-large\"><img loading=\"lazy\" decoding=\"async\" width=\"1024\" height=\"768\" src=\"https:\/\/www.bernadettecalonego.com\/de\/wp-content\/uploads\/IMG_9591-Copy-1024x768.jpg\" alt=\"\" class=\"wp-image-2753\" srcset=\"https:\/\/www.bernadettecalonego.com\/de\/wp-content\/uploads\/IMG_9591-Copy-1024x768.jpg 1024w, https:\/\/www.bernadettecalonego.com\/de\/wp-content\/uploads\/IMG_9591-Copy-300x225.jpg 300w, https:\/\/www.bernadettecalonego.com\/de\/wp-content\/uploads\/IMG_9591-Copy-768x576.jpg 768w, https:\/\/www.bernadettecalonego.com\/de\/wp-content\/uploads\/IMG_9591-Copy.jpg 1210w\" sizes=\"auto, (max-width: 1024px) 100vw, 1024px\" \/><\/figure><\/div>\n\n\n\n<p><\/p>\n","protected":false},"excerpt":{"rendered":"<p>Der Winter soll R\u00fcckzug und Kontemplation erm\u00f6glichen. Wenigstens ist das eine Philosophie, die man oft lesen kann. Bei mir ist der Winter eher eine aktive Zeit. Das Manuskript meines neusten Kanada-Krimis &#8220;Kalte Klippen&#8221; befindet sich derzeit im Korrektorat. In einer Woche wird das Taschenbuch auf Amazon.de erh\u00e4ltlich sein. Am 20. <a class=\"read-more-link\" href=\"https:\/\/www.bernadettecalonego.com\/de\/eine-produktive-zeit\/\">   Lesen Sie weiter<\/a><\/p>\n","protected":false},"author":1,"featured_media":2752,"comment_status":"closed","ping_status":"closed","sticky":false,"template":"","format":"standard","meta":{"ngg_post_thumbnail":0,"_jetpack_memberships_contains_paid_content":false,"footnotes":""},"categories":[1],"tags":[],"class_list":["post-2749","post","type-post","status-publish","format-standard","has-post-thumbnail","hentry","category-blog"],"jetpack_featured_media_url":"https:\/\/www.bernadettecalonego.com\/de\/wp-content\/uploads\/Kalinowski6-Copy.jpg","jetpack_sharing_enabled":true,"_links":{"self":[{"href":"https:\/\/www.bernadettecalonego.com\/de\/wp-json\/wp\/v2\/posts\/2749","targetHints":{"allow":["GET"]}}],"collection":[{"href":"https:\/\/www.bernadettecalonego.com\/de\/wp-json\/wp\/v2\/posts"}],"about":[{"href":"https:\/\/www.bernadettecalonego.com\/de\/wp-json\/wp\/v2\/types\/post"}],"author":[{"embeddable":true,"href":"https:\/\/www.bernadettecalonego.com\/de\/wp-json\/wp\/v2\/users\/1"}],"replies":[{"embeddable":true,"href":"https:\/\/www.bernadettecalonego.com\/de\/wp-json\/wp\/v2\/comments?post=2749"}],"version-history":[{"count":3,"href":"https:\/\/www.bernadettecalonego.com\/de\/wp-json\/wp\/v2\/posts\/2749\/revisions"}],"predecessor-version":[{"id":2756,"href":"https:\/\/www.bernadettecalonego.com\/de\/wp-json\/wp\/v2\/posts\/2749\/revisions\/2756"}],"wp:featuredmedia":[{"embeddable":true,"href":"https:\/\/www.bernadettecalonego.com\/de\/wp-json\/wp\/v2\/media\/2752"}],"wp:attachment":[{"href":"https:\/\/www.bernadettecalonego.com\/de\/wp-json\/wp\/v2\/media?parent=2749"}],"wp:term":[{"taxonomy":"category","embeddable":true,"href":"https:\/\/www.bernadettecalonego.com\/de\/wp-json\/wp\/v2\/categories?post=2749"},{"taxonomy":"post_tag","embeddable":true,"href":"https:\/\/www.bernadettecalonego.com\/de\/wp-json\/wp\/v2\/tags?post=2749"}],"curies":[{"name":"wp","href":"https:\/\/api.w.org\/{rel}","templated":true}]}}