{"id":2852,"date":"2021-10-13T06:29:03","date_gmt":"2021-10-13T13:29:03","guid":{"rendered":"http:\/\/www.bernadettecalonego.com\/de\/?p=2852"},"modified":"2021-10-13T06:32:53","modified_gmt":"2021-10-13T13:32:53","slug":"zeit-zum-atmen","status":"publish","type":"post","link":"https:\/\/www.bernadettecalonego.com\/de\/zeit-zum-atmen\/","title":{"rendered":"Zeit zum Atmen"},"content":{"rendered":"\n<p class=\"has-medium-font-size\">Ich liebe den Herbst im Norden Neufundlands. Oktober ist wohl meine ruhigste Zeit im Jahr. Manche meiner Bekannten w\u00fcrden diesen Satz wahrscheinlich witzig finden, weil ich selten wirklich ausruhe. Aber mein Fischer geht jetzt praktisch nicht mehr mit seinem kleinen Boot auf den Ozean hinaus, weil sich der Kabeljau rar gemacht hat. Heftige Winde peitschen oft  den Nordatlantik auf. Mein Lieblingsfischer hat jetzt Zeit, ab und zu mit mir wandern zu gehen, was ich sehr genie\u00dfe. <\/p>\n\n\n\n<div class=\"wp-block-image\"><figure class=\"aligncenter size-full\"><img loading=\"lazy\" decoding=\"async\" width=\"968\" height=\"727\" src=\"https:\/\/www.bernadettecalonego.com\/de\/wp-content\/uploads\/IMG_2652-Copy.jpg\" alt=\"\" class=\"wp-image-2853\" srcset=\"https:\/\/www.bernadettecalonego.com\/de\/wp-content\/uploads\/IMG_2652-Copy.jpg 968w, https:\/\/www.bernadettecalonego.com\/de\/wp-content\/uploads\/IMG_2652-Copy-300x225.jpg 300w, https:\/\/www.bernadettecalonego.com\/de\/wp-content\/uploads\/IMG_2652-Copy-768x577.jpg 768w\" sizes=\"auto, (max-width: 968px) 100vw, 968px\" \/><\/figure><\/div>\n\n\n\n<p class=\"has-medium-font-size\">Es gibt zwar windige, regnerische Tage, aber auch Sonne und ertr\u00e4gliche Temperaturen. Inmitten der gr\u00fcnen Tannen leuchten die gelben Laubb\u00e4ume. Ich habe die Sommerkleider wegger\u00e4umt. Unser Holzofen ist in Betrieb, und die Zugv\u00f6gel verschwinden nach und nach. Morgens schlafe ich eine halbe Stunde l\u00e4nger. Es ist auch Zeit der Ernte, und ich rede nicht nur von unseren Kartoffeln, die dieses Jahr erstaunlich gro\u00df ausgefallen sind.<\/p>\n\n\n\n<div class=\"wp-block-image\"><figure class=\"aligncenter size-full\"><img loading=\"lazy\" decoding=\"async\" width=\"894\" height=\"756\" src=\"https:\/\/www.bernadettecalonego.com\/de\/wp-content\/uploads\/IMG_2647-Copy.jpg\" alt=\"\" class=\"wp-image-2854\" srcset=\"https:\/\/www.bernadettecalonego.com\/de\/wp-content\/uploads\/IMG_2647-Copy.jpg 894w, https:\/\/www.bernadettecalonego.com\/de\/wp-content\/uploads\/IMG_2647-Copy-300x254.jpg 300w, https:\/\/www.bernadettecalonego.com\/de\/wp-content\/uploads\/IMG_2647-Copy-768x649.jpg 768w\" sizes=\"auto, (max-width: 894px) 100vw, 894px\" \/><\/figure><\/div>\n\n\n\n<p class=\"has-medium-font-size\">Das ist das Cover meines neuen Kanada-Krimis &#8220;Grabesgrauen&#8221;, das dritte Buch mit Detective Calista Gates! Es spielt wieder an der n\u00f6rdlichen Spitze Neufundlands, im Dorf St. Anthony. Dort ist Calista die neue Polizeichefin, wie ihr wisst. Das Manuskript ist derzeit in H\u00e4nden meiner langj\u00e4hrigen Lektorin Gisa Marehn. Das Taschenbuch wird am 7. Dezember ver\u00f6ffentlicht, aber ihr k\u00f6nnt das E-Book, das am 27. Dezember herauskommt, bereits auf Amazon zum Sonderpreis vorbestellen (und den Klappentext lesen). Hier ist der Link: <\/p>\n\n\n\n<p><strong><a href=\"https:\/\/www.amazon.de\/Grabesgrauen-Kanada-Krimi-Calista-Gates-ermittelt-ebook\/dp\/B09J9BL3V6\/ref=sr_1_3\">E-Book &#8220;Grabesgrauen&#8221; hier vorbestellen.<\/a><\/strong><\/p>\n\n\n\n<p class=\"has-medium-font-size\">Ich nutze die Zeit auch, meine B\u00fcchergestelle auszusortieren. Mir fielen einige Krimis in die Hand, von denen ich nicht mehr wei\u00df, ob ich sie gelesen habe oder nicht. Geht es euch manchmal auch so? Einer ist von Hakan Nesser, \u201eDer Kommissar und das Schweigen\u201c. Und der Islandkrimi \u201eNordermoor\u201c von Arnaldur Indridason. Gelesen habe ich sicher \u201eDer Nebelmann\u201c von Donato Carrisi. Ich fand das Buch spannend und gut geschrieben. Auf Netflix sah ich mir \u201eDer Kastanienmann\u201c an, verfilmt nach einem Buch von Soren Sveistrup. Habt ihr euch die Miniserie auch reingezogen?<\/p>\n\n\n\n<div class=\"wp-block-image\"><figure class=\"aligncenter size-full\"><img loading=\"lazy\" decoding=\"async\" width=\"775\" height=\"582\" src=\"https:\/\/www.bernadettecalonego.com\/de\/wp-content\/uploads\/IMG_2717-Copy.jpg\" alt=\"\" class=\"wp-image-2855\" srcset=\"https:\/\/www.bernadettecalonego.com\/de\/wp-content\/uploads\/IMG_2717-Copy.jpg 775w, https:\/\/www.bernadettecalonego.com\/de\/wp-content\/uploads\/IMG_2717-Copy-300x225.jpg 300w, https:\/\/www.bernadettecalonego.com\/de\/wp-content\/uploads\/IMG_2717-Copy-768x577.jpg 768w\" sizes=\"auto, (max-width: 775px) 100vw, 775px\" \/><figcaption><strong>Hoffentlich dauert der Herbst noch ganz lange!<\/strong><\/figcaption><\/figure><\/div>\n\n\n\n<p><\/p>\n\n\n\n<p><\/p>\n\n\n\n<p><\/p>\n\n\n\n<p><\/p>\n","protected":false},"excerpt":{"rendered":"<p>Ich liebe den Herbst im Norden Neufundlands. Oktober ist wohl meine ruhigste Zeit im Jahr. Manche meiner Bekannten w\u00fcrden diesen Satz wahrscheinlich witzig finden, weil ich selten wirklich ausruhe. Aber mein Fischer geht jetzt praktisch nicht mehr mit seinem kleinen Boot auf den Ozean hinaus, weil sich der Kabeljau rar <a class=\"read-more-link\" href=\"https:\/\/www.bernadettecalonego.com\/de\/zeit-zum-atmen\/\">   Lesen Sie weiter<\/a><\/p>\n","protected":false},"author":1,"featured_media":2854,"comment_status":"closed","ping_status":"closed","sticky":false,"template":"","format":"standard","meta":{"ngg_post_thumbnail":0,"_jetpack_memberships_contains_paid_content":false,"footnotes":""},"categories":[1],"tags":[],"class_list":["post-2852","post","type-post","status-publish","format-standard","has-post-thumbnail","hentry","category-blog"],"jetpack_featured_media_url":"https:\/\/www.bernadettecalonego.com\/de\/wp-content\/uploads\/IMG_2647-Copy.jpg","jetpack_sharing_enabled":true,"_links":{"self":[{"href":"https:\/\/www.bernadettecalonego.com\/de\/wp-json\/wp\/v2\/posts\/2852","targetHints":{"allow":["GET"]}}],"collection":[{"href":"https:\/\/www.bernadettecalonego.com\/de\/wp-json\/wp\/v2\/posts"}],"about":[{"href":"https:\/\/www.bernadettecalonego.com\/de\/wp-json\/wp\/v2\/types\/post"}],"author":[{"embeddable":true,"href":"https:\/\/www.bernadettecalonego.com\/de\/wp-json\/wp\/v2\/users\/1"}],"replies":[{"embeddable":true,"href":"https:\/\/www.bernadettecalonego.com\/de\/wp-json\/wp\/v2\/comments?post=2852"}],"version-history":[{"count":2,"href":"https:\/\/www.bernadettecalonego.com\/de\/wp-json\/wp\/v2\/posts\/2852\/revisions"}],"predecessor-version":[{"id":2857,"href":"https:\/\/www.bernadettecalonego.com\/de\/wp-json\/wp\/v2\/posts\/2852\/revisions\/2857"}],"wp:featuredmedia":[{"embeddable":true,"href":"https:\/\/www.bernadettecalonego.com\/de\/wp-json\/wp\/v2\/media\/2854"}],"wp:attachment":[{"href":"https:\/\/www.bernadettecalonego.com\/de\/wp-json\/wp\/v2\/media?parent=2852"}],"wp:term":[{"taxonomy":"category","embeddable":true,"href":"https:\/\/www.bernadettecalonego.com\/de\/wp-json\/wp\/v2\/categories?post=2852"},{"taxonomy":"post_tag","embeddable":true,"href":"https:\/\/www.bernadettecalonego.com\/de\/wp-json\/wp\/v2\/tags?post=2852"}],"curies":[{"name":"wp","href":"https:\/\/api.w.org\/{rel}","templated":true}]}}