{"id":3472,"date":"2026-01-20T12:13:12","date_gmt":"2026-01-20T20:13:12","guid":{"rendered":"https:\/\/www.bernadettecalonego.com\/de\/?p=3472"},"modified":"2026-01-20T12:15:55","modified_gmt":"2026-01-20T20:15:55","slug":"winterleben","status":"publish","type":"post","link":"https:\/\/www.bernadettecalonego.com\/de\/winterleben\/","title":{"rendered":"Winterleben"},"content":{"rendered":"\n<p>Es ist jetzt gegen Ende Januar und im Norden Neufundands liegen mindestens noch drei Wintermonate vor uns. Ich werde die Zeit nutzen, den Entwurf zu einem neuen Calista-Gates-Krimi zu schreiben und einen Wanderurlaub in Europas w\u00e4rmeren Gefilden zu planen. Es ist nicht so, dass Winter in Kanada keine Freuden bereith\u00e4lt. Wenn man sich darauf einstellt, kann es manchmal ganz vergn\u00fcglich werden. In unserer winzigen Fischersiedling lebt auch eine K\u00fcnstlerin, Carolyn Gotjen-Pilgrim, die ab und zu Malkurse anbietet, und ich sage nie nein. Malen ist nicht meine St\u00e4rke, aber es macht Spa\u00df!<\/p>\n\n\n<div class=\"wp-block-image\">\n<figure class=\"aligncenter size-large\"><img loading=\"lazy\" decoding=\"async\" width=\"774\" height=\"1024\" src=\"https:\/\/www.bernadettecalonego.com\/de\/wp-content\/uploads\/IMG_3246-1-1-774x1024.jpeg\" alt=\"\" class=\"wp-image-3473\" srcset=\"https:\/\/www.bernadettecalonego.com\/de\/wp-content\/uploads\/IMG_3246-1-1-774x1024.jpeg 774w, https:\/\/www.bernadettecalonego.com\/de\/wp-content\/uploads\/IMG_3246-1-1-227x300.jpeg 227w, https:\/\/www.bernadettecalonego.com\/de\/wp-content\/uploads\/IMG_3246-1-1-768x1016.jpeg 768w, https:\/\/www.bernadettecalonego.com\/de\/wp-content\/uploads\/IMG_3246-1-1.jpeg 934w\" sizes=\"auto, (max-width: 774px) 100vw, 774px\" \/><\/figure>\n<\/div>\n\n\n<p><\/p>\n\n\n\n<p>Weihnachten und den Jahreswechsel habe ich ohne bleibende Sch\u00e4den \u00fcberstanden. In Neufundland wird Weihnachten ja zw\u00f6lf Tage lang zelebriert, und in den D\u00f6rfern besucht sich man w\u00e4hrend dieser Zeit gegenseitig. Fr\u00fcher kamen auch die <em>Mummers<\/em> oder <em>Jennies <\/em>vorbei, mit alten Klamotten verkleidete und maskierte Einheimische, die Musik machen und tanzen und die man mit Getr\u00e4nken und Snacks bewirtet. Dieses Jahr waren in unserem Dorf keine Mummers aktiv, vielleicht weil der Boden \u00fcberall so eisig war. Ich durfte aber in Carolyn&#8217;s Malklasse Mummers in Acrylfarben auf die Leinwand bringen. Die Getr\u00e4nke und Snacks habe ich selbst verschlungen.<\/p>\n\n\n<div class=\"wp-block-image\">\n<figure class=\"aligncenter size-large\"><img loading=\"lazy\" decoding=\"async\" width=\"1024\" height=\"768\" src=\"https:\/\/www.bernadettecalonego.com\/de\/wp-content\/uploads\/IMG_3058-Copy-1-1024x768.jpeg\" alt=\"\" class=\"wp-image-3474\" srcset=\"https:\/\/www.bernadettecalonego.com\/de\/wp-content\/uploads\/IMG_3058-Copy-1-1024x768.jpeg 1024w, https:\/\/www.bernadettecalonego.com\/de\/wp-content\/uploads\/IMG_3058-Copy-1-300x225.jpeg 300w, https:\/\/www.bernadettecalonego.com\/de\/wp-content\/uploads\/IMG_3058-Copy-1-768x576.jpeg 768w, https:\/\/www.bernadettecalonego.com\/de\/wp-content\/uploads\/IMG_3058-Copy-1.jpeg 1143w\" sizes=\"auto, (max-width: 1024px) 100vw, 1024px\" \/><\/figure>\n<\/div>\n\n\n<p><\/p>\n\n\n\n<p>Eine gute und eine schlechte Nachricht; die gute zuerst: Das Taschenbuch von <em>Todestiefe <\/em>ist bereits erh\u00e4ltlich, das E-Book kommt am 7. Februar heraus.<\/p>\n\n\n\n<p>Die schlechte: Mein langj\u00e4hriger \u00dcbersetzer Gerald Chapple ist Anfang November letzten Jahres an einem Hirnschlag gestorben, praktisch nachdem er <em>Finsterinsel <\/em>ins Englische \u00fcbersetzt hatte. Das ist ein schmerzhafter Verlust f\u00fcr seine Frau Nina, seine Kinder und Freunde, aber auch f\u00fcr mich. Jerry war ein fantastischer \u00dcbersetzer. Leser in Nordamerika sagten mir, man merke gar nicht, dass meine Krimis \u00fcbersetzt seien. Ich werde sicher meine B\u00fccher weiter \u00fcbersetzen lassen, doch Jerry, der auch ein Mentor und wichtiger Gespr\u00e4chspartner war, wird mir unendlich fehlen.<\/p>\n\n\n\n<figure class=\"wp-block-image size-large\"><img loading=\"lazy\" decoding=\"async\" width=\"855\" height=\"1024\" src=\"https:\/\/www.bernadettecalonego.com\/de\/wp-content\/uploads\/IMG_3212-Copy-1-855x1024.jpeg\" alt=\"\" class=\"wp-image-3475\" srcset=\"https:\/\/www.bernadettecalonego.com\/de\/wp-content\/uploads\/IMG_3212-Copy-1-855x1024.jpeg 855w, https:\/\/www.bernadettecalonego.com\/de\/wp-content\/uploads\/IMG_3212-Copy-1-251x300.jpeg 251w, https:\/\/www.bernadettecalonego.com\/de\/wp-content\/uploads\/IMG_3212-Copy-1-768x920.jpeg 768w, https:\/\/www.bernadettecalonego.com\/de\/wp-content\/uploads\/IMG_3212-Copy-1-1283x1536.jpeg 1283w, https:\/\/www.bernadettecalonego.com\/de\/wp-content\/uploads\/IMG_3212-Copy-1.jpeg 1656w\" sizes=\"auto, (max-width: 855px) 100vw, 855px\" \/><\/figure>\n\n\n\n<p><\/p>\n\n\n\n<p>Wegen der Winterst\u00fcrme mussten wir in unserer abgeschiedenen Gegend einige Stromausf\u00e4lle \u00fcberstehen. Gl\u00fccklicherweise haben wir einen Generator, aber er deckt nicht alles im Haus ab. Wichtig ist der Holzofen, einige Lichter, Internet und Telefon und Mikrowellen, aber weder Kochherd noch Licht in der K\u00fcche sind abgedeckt. W\u00e4hrend des letzten Sturms fiel auch noch die Holzheizung, der Mikrowellenherd und das Internet aus! Mein Fischer fand heraus, dass der Generator vereist war und konnte das Problem beheben. Ich war total gl\u00fccklich, wenigstens einen Teil des Stroms zur\u00fcckzuhaben. Was mich zur Einsicht f\u00fchrte: Wenn man sich etwas f\u00fcr eine Weile entzieht und es dann wieder zur\u00fcckerh\u00e4lt, ist man total gl\u00fccklich dar\u00fcber. Ich glaube, ich versuche das mal mit Schokoladenpudding.<\/p>\n\n\n<div class=\"wp-block-image\">\n<figure class=\"aligncenter size-full\"><img loading=\"lazy\" decoding=\"async\" width=\"645\" height=\"923\" src=\"https:\/\/www.bernadettecalonego.com\/de\/wp-content\/uploads\/IMG_3366-1.jpg\" alt=\"\" class=\"wp-image-3476\" srcset=\"https:\/\/www.bernadettecalonego.com\/de\/wp-content\/uploads\/IMG_3366-1.jpg 645w, https:\/\/www.bernadettecalonego.com\/de\/wp-content\/uploads\/IMG_3366-1-210x300.jpg 210w\" sizes=\"auto, (max-width: 645px) 100vw, 645px\" \/><\/figure>\n<\/div>\n\n\n<p><\/p>\n\n\n\n<p>Zu Weihnachten bekam ich viele B\u00fccher geschenkt. Der Band <em>Ein Jahr voller Wunder<\/em> von Clemency Burton-Hill stellt jeden Tag ein klassisches Musikst\u00fcck vor, das ich mir anschlie\u00dfend anh\u00f6re. Ich bin seit Kindheit mit den bekannteren Werken klassischer Musik vertraut, dank meiner Eltern, aber ich bin auch ein Fan von Rock- und anderer Popmusik. Dieses Buch \u00f6ffnet eine neue Welt der Musik f\u00fcr mich, die ich viel zu wenig pflegte. Ein St\u00fcck, das ich auf diesem Weg entdeckt habe, bezaubert mich \u00fcber alles: <em>O Magnum Mysterium<\/em> von Arthur Sullivan (1842 \u2013 1900). Ich h\u00f6re es mir seitdem jeden Abend an und die Harmonien der Chorstimmen tragen mich auf Schwingen in die H\u00f6he. <\/p>\n\n\n\n<p>Ich w\u00fcnsche euch allen das Beste f\u00fcr 2026 (auch wenn es derzeit eher bedrohlich aussieht)!<\/p>\n\n\n<div class=\"wp-block-image\">\n<figure class=\"aligncenter size-full\"><img loading=\"lazy\" decoding=\"async\" width=\"1008\" height=\"756\" src=\"https:\/\/www.bernadettecalonego.com\/de\/wp-content\/uploads\/IMG_3050-Copy.jpeg\" alt=\"\" class=\"wp-image-3477\" srcset=\"https:\/\/www.bernadettecalonego.com\/de\/wp-content\/uploads\/IMG_3050-Copy.jpeg 1008w, https:\/\/www.bernadettecalonego.com\/de\/wp-content\/uploads\/IMG_3050-Copy-300x225.jpeg 300w, https:\/\/www.bernadettecalonego.com\/de\/wp-content\/uploads\/IMG_3050-Copy-768x576.jpeg 768w\" sizes=\"auto, (max-width: 1008px) 100vw, 1008px\" \/><\/figure>\n<\/div>","protected":false},"excerpt":{"rendered":"<p>Es ist jetzt gegen Ende Januar und im Norden Neufundands liegen mindestens noch drei Wintermonate vor uns. Ich werde die Zeit nutzen, den Entwurf zu einem neuen Calista-Gates-Krimi zu schreiben und einen Wanderurlaub in Europas w\u00e4rmeren Gefilden zu planen. Es ist nicht so, dass Winter in Kanada keine Freuden bereith\u00e4lt. <a class=\"read-more-link\" href=\"https:\/\/www.bernadettecalonego.com\/de\/winterleben\/\">   Lesen Sie weiter<\/a><\/p>\n","protected":false},"author":1,"featured_media":3478,"comment_status":"closed","ping_status":"closed","sticky":false,"template":"","format":"standard","meta":{"ngg_post_thumbnail":0,"_jetpack_memberships_contains_paid_content":false,"footnotes":""},"categories":[1],"tags":[],"class_list":["post-3472","post","type-post","status-publish","format-standard","has-post-thumbnail","hentry","category-blog"],"jetpack_featured_media_url":"https:\/\/www.bernadettecalonego.com\/de\/wp-content\/uploads\/IMG_3058-Copy-2.jpeg","jetpack_sharing_enabled":true,"_links":{"self":[{"href":"https:\/\/www.bernadettecalonego.com\/de\/wp-json\/wp\/v2\/posts\/3472","targetHints":{"allow":["GET"]}}],"collection":[{"href":"https:\/\/www.bernadettecalonego.com\/de\/wp-json\/wp\/v2\/posts"}],"about":[{"href":"https:\/\/www.bernadettecalonego.com\/de\/wp-json\/wp\/v2\/types\/post"}],"author":[{"embeddable":true,"href":"https:\/\/www.bernadettecalonego.com\/de\/wp-json\/wp\/v2\/users\/1"}],"replies":[{"embeddable":true,"href":"https:\/\/www.bernadettecalonego.com\/de\/wp-json\/wp\/v2\/comments?post=3472"}],"version-history":[{"count":2,"href":"https:\/\/www.bernadettecalonego.com\/de\/wp-json\/wp\/v2\/posts\/3472\/revisions"}],"predecessor-version":[{"id":3480,"href":"https:\/\/www.bernadettecalonego.com\/de\/wp-json\/wp\/v2\/posts\/3472\/revisions\/3480"}],"wp:featuredmedia":[{"embeddable":true,"href":"https:\/\/www.bernadettecalonego.com\/de\/wp-json\/wp\/v2\/media\/3478"}],"wp:attachment":[{"href":"https:\/\/www.bernadettecalonego.com\/de\/wp-json\/wp\/v2\/media?parent=3472"}],"wp:term":[{"taxonomy":"category","embeddable":true,"href":"https:\/\/www.bernadettecalonego.com\/de\/wp-json\/wp\/v2\/categories?post=3472"},{"taxonomy":"post_tag","embeddable":true,"href":"https:\/\/www.bernadettecalonego.com\/de\/wp-json\/wp\/v2\/tags?post=3472"}],"curies":[{"name":"wp","href":"https:\/\/api.w.org\/{rel}","templated":true}]}}